{"id":1288,"date":"2022-06-14T07:50:20","date_gmt":"2022-06-14T06:50:20","guid":{"rendered":"http:\/\/dci.kilu.de\/wordpress\/?p=1288"},"modified":"2022-06-14T07:50:20","modified_gmt":"2022-06-14T06:50:20","slug":"flugverbot-wegen-g7-gipfel-auf-schloss-elmau-vom-26-bis-28-juni-2022","status":"publish","type":"post","link":"https:\/\/dci.kilu.de\/wordpress\/?p=1288","title":{"rendered":"Flugverbot wegen G7-Gipfel auf Schloss Elmau vom 26. bis 28. Juni 2022"},"content":{"rendered":"<p>Zum Schutz der Teilnehmer des G7-Gipfels auf Schloss Elmau werden vom 26. Juni bis zum 28. Juni 2022 zwei ED-Rs eingerichtet (ED-R Elmau und ED-R gesamt). W\u00e4hrend der Aktivierungszeiten ist innerhalb der ED-Rs jede flugsportliche T\u00e4tigkeit einschlie\u00dflich Schulung verboten! Zuwiderhandlungen werden strafrechtlich verfolgt. Infos und Karten zu den ED-Rs findet ihr in unserer Top-News auf <a class=\"\" href=\"https:\/\/deref-gmx.net\/mail\/client\/_V5HvmLu0Pg\/dereferrer\/?redirectUrl=http%3A%2F%2Fwww.dhv.de\" target=\"_blank\" rel=\"noopener\">www.dhv.de<\/a>.<br class=\"\" \/><br class=\"\" \/>Informationen zu den an die ED-R\u2019s angrenzenden Fluggebiete in \u00d6sterreich findet ihr ebenfalls in unserer Top-News auf\u00a0<a class=\"\" href=\"https:\/\/deref-gmx.net\/mail\/client\/_V5HvmLu0Pg\/dereferrer\/?redirectUrl=http%3A%2F%2Fwww.dhv.de\" target=\"_blank\" rel=\"noopener\">www.dhv.de<\/a>. Achtung: die ED-R in \u00d6sterreich ist bereits ab Samstag, 25. Juni, aktiv!<\/p>\n","protected":false},"excerpt":{"rendered":"<p>Zum Schutz der Teilnehmer des G7-Gipfels auf Schloss Elmau werden vom 26. Juni bis zum 28. Juni 2022 zwei ED-Rs eingerichtet (ED-R Elmau und ED-R gesamt). W\u00e4hrend der Aktivierungszeiten ist [&hellip;]<\/p>\n","protected":false},"author":2,"featured_media":0,"comment_status":"closed","ping_status":"closed","sticky":false,"template":"","format":"standard","meta":{"footnotes":""},"categories":[1],"tags":[],"class_list":["post-1288","post","type-post","status-publish","format-standard","hentry","category-uncategorized"],"_links":{"self":[{"href":"https:\/\/dci.kilu.de\/wordpress\/index.php?rest_route=\/wp\/v2\/posts\/1288","targetHints":{"allow":["GET"]}}],"collection":[{"href":"https:\/\/dci.kilu.de\/wordpress\/index.php?rest_route=\/wp\/v2\/posts"}],"about":[{"href":"https:\/\/dci.kilu.de\/wordpress\/index.php?rest_route=\/wp\/v2\/types\/post"}],"author":[{"embeddable":true,"href":"https:\/\/dci.kilu.de\/wordpress\/index.php?rest_route=\/wp\/v2\/users\/2"}],"replies":[{"embeddable":true,"href":"https:\/\/dci.kilu.de\/wordpress\/index.php?rest_route=%2Fwp%2Fv2%2Fcomments&post=1288"}],"version-history":[{"count":1,"href":"https:\/\/dci.kilu.de\/wordpress\/index.php?rest_route=\/wp\/v2\/posts\/1288\/revisions"}],"predecessor-version":[{"id":1289,"href":"https:\/\/dci.kilu.de\/wordpress\/index.php?rest_route=\/wp\/v2\/posts\/1288\/revisions\/1289"}],"wp:attachment":[{"href":"https:\/\/dci.kilu.de\/wordpress\/index.php?rest_route=%2Fwp%2Fv2%2Fmedia&parent=1288"}],"wp:term":[{"taxonomy":"category","embeddable":true,"href":"https:\/\/dci.kilu.de\/wordpress\/index.php?rest_route=%2Fwp%2Fv2%2Fcategories&post=1288"},{"taxonomy":"post_tag","embeddable":true,"href":"https:\/\/dci.kilu.de\/wordpress\/index.php?rest_route=%2Fwp%2Fv2%2Ftags&post=1288"}],"curies":[{"name":"wp","href":"https:\/\/api.w.org\/{rel}","templated":true}]}}