{"id":1304,"date":"2025-04-24T18:36:58","date_gmt":"2025-04-24T17:36:58","guid":{"rendered":"https:\/\/dci.kilu.de\/wordpress\/?p=1304"},"modified":"2025-04-24T21:18:32","modified_gmt":"2025-04-24T20:18:32","slug":"dcl-hauptversammlung-2025","status":"publish","type":"post","link":"https:\/\/dci.kilu.de\/wordpress\/?p=1304","title":{"rendered":"DCl-Hauptversammlung 2025"},"content":{"rendered":"<p style=\"margin: 0in; font-family: Calibri; font-size: 11.0pt; color: black;\">Liebe Drachenflieger Innen,<\/p>\n<p>&nbsp;<\/p>\n<p style=\"margin: 0in; font-family: Calibri; font-size: 11.0pt; color: black;\">wir wollen Euch zur anstehenden Jahreshauptversammung am Samstag den 26. April 2025 um 19 Uhr nach Lenggries in &#8222;<a href=\"https:\/\/www.wirtschaft-lenggries.de\/\">d&#8217;Wirtschaft<\/a>&#8220; (ehemals Lahnerstuben) einladen.<\/p>\n<p>&nbsp;<\/p>\n<p style=\"margin: 0in; font-family: Calibri; font-size: 11.0pt; color: black;\">Die Tagesordnung:<\/p>\n<ol>\n<li style=\"font-family: Calibri; font-size: 11pt; color: black;\">Begr\u00fc\u00dfung durch die Vorstandschaft<\/li>\n<li style=\"font-family: Calibri; font-size: 11pt; color: black;\">Berichte vom Vorstand und dem Kassierer f\u00fcr das vergangene Vereinsjahr<\/li>\n<li style=\"font-family: Calibri; font-size: 11pt; color: black;\">Entlastung der Vorstandschaft und anschlie\u00dfende Neuwahlen<\/li>\n<li style=\"font-family: Calibri; font-size: 11pt; color: black;\">Vorstellung Deutsche Meisterschaften der Starrfl\u00fcgler am Brauneck im Mai 2025<\/li>\n<li style=\"font-family: Calibri; font-size: 11pt; color: black;\">W\u00fcnsche und Antr\u00e4ge<\/li>\n<\/ol>\n<p style=\"margin: 0in; font-family: Calibri; font-size: 11.0pt; color: black;\">Wir w\u00fcrden uns \u00fcber Euer zahlreiches Erscheinen und einem gem\u00fctlichen Beisammensein mit Euch freuen. Die Wirtin hat uns gebeten, dass wir ihr in etwa mitteilen, mit wie vielen Clubmitgliedern sie rechnen kann. Es w\u00e4re nett, wenn Ihr uns mitteilen k\u00f6nntet, wer zur Hauptversammlung kommt.<\/p>\n<p>&nbsp;<\/p>\n<p style=\"margin: 0in; font-family: Calibri; font-size: 11.0pt; color: black;\">Vielen Dank und sch\u00f6ne Gr\u00fc\u00dfe<\/p>\n<p style=\"margin: 0in; font-family: Calibri; font-size: 11.0pt; color: black;\">die Vorstandschaft<\/p>\n","protected":false},"excerpt":{"rendered":"<p>Liebe Drachenflieger Innen, &nbsp; wir wollen Euch zur anstehenden Jahreshauptversammung am Samstag den 26. April 2025 um 19 Uhr nach Lenggries in &#8222;d&#8217;Wirtschaft&#8220; (ehemals Lahnerstuben) einladen. &nbsp; Die Tagesordnung: Begr\u00fc\u00dfung [&hellip;]<\/p>\n","protected":false},"author":2,"featured_media":0,"comment_status":"closed","ping_status":"closed","sticky":false,"template":"","format":"standard","meta":{"footnotes":""},"categories":[1],"tags":[],"class_list":["post-1304","post","type-post","status-publish","format-standard","hentry","category-uncategorized"],"_links":{"self":[{"href":"https:\/\/dci.kilu.de\/wordpress\/index.php?rest_route=\/wp\/v2\/posts\/1304","targetHints":{"allow":["GET"]}}],"collection":[{"href":"https:\/\/dci.kilu.de\/wordpress\/index.php?rest_route=\/wp\/v2\/posts"}],"about":[{"href":"https:\/\/dci.kilu.de\/wordpress\/index.php?rest_route=\/wp\/v2\/types\/post"}],"author":[{"embeddable":true,"href":"https:\/\/dci.kilu.de\/wordpress\/index.php?rest_route=\/wp\/v2\/users\/2"}],"replies":[{"embeddable":true,"href":"https:\/\/dci.kilu.de\/wordpress\/index.php?rest_route=%2Fwp%2Fv2%2Fcomments&post=1304"}],"version-history":[{"count":38,"href":"https:\/\/dci.kilu.de\/wordpress\/index.php?rest_route=\/wp\/v2\/posts\/1304\/revisions"}],"predecessor-version":[{"id":1345,"href":"https:\/\/dci.kilu.de\/wordpress\/index.php?rest_route=\/wp\/v2\/posts\/1304\/revisions\/1345"}],"wp:attachment":[{"href":"https:\/\/dci.kilu.de\/wordpress\/index.php?rest_route=%2Fwp%2Fv2%2Fmedia&parent=1304"}],"wp:term":[{"taxonomy":"category","embeddable":true,"href":"https:\/\/dci.kilu.de\/wordpress\/index.php?rest_route=%2Fwp%2Fv2%2Fcategories&post=1304"},{"taxonomy":"post_tag","embeddable":true,"href":"https:\/\/dci.kilu.de\/wordpress\/index.php?rest_route=%2Fwp%2Fv2%2Ftags&post=1304"}],"curies":[{"name":"wp","href":"https:\/\/api.w.org\/{rel}","templated":true}]}}