{"id":456,"date":"2019-06-28T08:08:06","date_gmt":"2019-06-28T07:08:06","guid":{"rendered":"http:\/\/dci.kilu.de\/wordpress\/?p=456"},"modified":"2019-06-28T08:10:53","modified_gmt":"2019-06-28T07:10:53","slug":"unterstuetzung-fuer-rich-liebig","status":"publish","type":"post","link":"https:\/\/dci.kilu.de\/wordpress\/?p=456","title":{"rendered":"Unterst\u00fctzung f\u00fcr Rich Liebig"},"content":{"rendered":"\n<p>Liebe Piloten, Vereinskamareden und Freunde,<\/p>\n<p>Richis Herzensziel war es, sich dieses Jahr f\u00fcr das Deutsche Nationalteam zu qualifizieren. Um dieses Ziel zu erreichen, hat er viel trainiert, Schwerpunkte f\u00fcr sich gesetzt und in einen neuen Drachen investiert. Auf Basis seiner Platzierungen vom letzten Jahr war er seinem Ziel nahe wie nie.<\/p>\n<p>Wie ihr wisst, hatte Rich auf dem Aeros Winter Race einen schweren Unfall, der sein Ziel f\u00fcr ihn unerreichbar werden lie\u00df.<\/p>\n<p>Was bleibt, sind zun\u00e4chst schwere gesundheitliche Einschr\u00e4nkungen, die auch finanzielle Probleme nach sich ziehen. Trotz der Fortschritte, die Rich im Rahmen der Rehabilitation macht, wird es dauern, bis er wieder Geld als selbst\u00e4ndiger Handwerker verdienen kann &#8211; seine Familie muss die laufenden Kosten bis dahin ohne ihn stemmen. Sein nagelneuer Drachen ist vollst\u00e4ndig zerst\u00f6rt.<\/p>\n<p>Wir wollen nun f\u00fcr unseren Freund und Vereinsvorstand Rich sammeln, um zumindest die massiven, finanziellen Folgen f\u00fcr ihn und seine Familie etwas abzufedern. Wir hoffen, ihm so zumindest einen kleinen Teil von dem zur\u00fcckgeben zu k\u00f6nnen, was er in den vielen Jahren f\u00fcr den Verein, den Flugsport &#8211; oder einfach als Wing-Man, Freund und Kamerad &#8211; f\u00fcr uns getan hat.<\/p>\n<p>Das Interesse und Mitgef\u00fchl an Richis Schicksal war \u00fcberw\u00e4ltigend und so hoffen wir, dass viele diese Gelegenheit ergreifen werden, nun auch etwas ganz Konkretes f\u00fcr ihn und seine Familie tun zu k\u00f6nnen.<\/p>\n<p><a href=\"https:\/\/www.betterplace.me\/unterstuetzung-fuer-rich-support-for-rich\">https:\/\/www.betterplace.me\/unterstuetzung-fuer-rich-support-for-rich<\/a><\/p>\n<p>Herzlichst,<\/p>\n<p>Euer Vorstand des DCI (Drachenflieger Club Isarwinkel e. V.)<\/p>\n<p>&nbsp;<\/p>\n","protected":false},"excerpt":{"rendered":"<p>Liebe Piloten, Vereinskamareden und Freunde, Richis Herzensziel war es, sich dieses Jahr f\u00fcr das Deutsche Nationalteam zu qualifizieren. Um dieses Ziel zu erreichen, hat er viel trainiert, Schwerpunkte f\u00fcr sich [&hellip;]<\/p>\n","protected":false},"author":2,"featured_media":0,"comment_status":"closed","ping_status":"closed","sticky":false,"template":"","format":"standard","meta":{"footnotes":""},"categories":[1],"tags":[],"class_list":["post-456","post","type-post","status-publish","format-standard","hentry","category-uncategorized"],"_links":{"self":[{"href":"https:\/\/dci.kilu.de\/wordpress\/index.php?rest_route=\/wp\/v2\/posts\/456","targetHints":{"allow":["GET"]}}],"collection":[{"href":"https:\/\/dci.kilu.de\/wordpress\/index.php?rest_route=\/wp\/v2\/posts"}],"about":[{"href":"https:\/\/dci.kilu.de\/wordpress\/index.php?rest_route=\/wp\/v2\/types\/post"}],"author":[{"embeddable":true,"href":"https:\/\/dci.kilu.de\/wordpress\/index.php?rest_route=\/wp\/v2\/users\/2"}],"replies":[{"embeddable":true,"href":"https:\/\/dci.kilu.de\/wordpress\/index.php?rest_route=%2Fwp%2Fv2%2Fcomments&post=456"}],"version-history":[{"count":3,"href":"https:\/\/dci.kilu.de\/wordpress\/index.php?rest_route=\/wp\/v2\/posts\/456\/revisions"}],"predecessor-version":[{"id":459,"href":"https:\/\/dci.kilu.de\/wordpress\/index.php?rest_route=\/wp\/v2\/posts\/456\/revisions\/459"}],"wp:attachment":[{"href":"https:\/\/dci.kilu.de\/wordpress\/index.php?rest_route=%2Fwp%2Fv2%2Fmedia&parent=456"}],"wp:term":[{"taxonomy":"category","embeddable":true,"href":"https:\/\/dci.kilu.de\/wordpress\/index.php?rest_route=%2Fwp%2Fv2%2Fcategories&post=456"},{"taxonomy":"post_tag","embeddable":true,"href":"https:\/\/dci.kilu.de\/wordpress\/index.php?rest_route=%2Fwp%2Fv2%2Ftags&post=456"}],"curies":[{"name":"wp","href":"https:\/\/api.w.org\/{rel}","templated":true}]}}