{"id":481,"date":"2020-03-03T17:59:23","date_gmt":"2020-03-03T16:59:23","guid":{"rendered":"http:\/\/dci.kilu.de\/wordpress\/?p=481"},"modified":"2020-03-03T18:00:45","modified_gmt":"2020-03-03T17:00:45","slug":"brauneckbahn-fruehjahrsrevision-14-08-05-2020","status":"publish","type":"post","link":"https:\/\/dci.kilu.de\/wordpress\/?p=481","title":{"rendered":"Brauneckbahn-Fr\u00fchjahrsrevision 14.-08.05.2020"},"content":{"rendered":"\n<p>Fr\u00fchjahrsrevision <a href=\"http:\/\/www.brauneck-bergbahn.de\/\">Brauneckbahn<\/a>&nbsp;<br>Ge\u00f6ffnet bis Ostermontag 13.04.2020<br>Revision von Dienstag 14.04.2020 bis Donnerstag 30.04.2020<br>Ge\u00f6ffnet von Freitag 01. Mai 2020 bis Sonntag 03. Mai 2020<br>Revision von Montag 04. Mai 2020 bis Freitag 08. Mai 2020<\/p>\n<p>Ab Samstag 09. Mai 2020 durchgehend ge\u00f6ffnet von 08:15 Uhr bis 17:00 Uhr<\/p>\n<p>Ausweichm\u00f6glichkeiten: <a href=\"http:\/\/www.blombergbahn.de\/index.php\">Blomberg<\/a>&nbsp;und <a href=\"http:\/\/www.wallbergbahn.de\/sommer\/sommer\/betriebszeiten\/\">Wallberg<\/a><\/p>\n<p>Achtung: Die Wallbergbahn ist vom <strong>16.03. \u2013 03.04.2020<\/strong> wegen Revisionsarbeiten geschlossen.<\/p>\n","protected":false},"excerpt":{"rendered":"<p>Fr\u00fchjahrsrevision Brauneckbahn&nbsp;Ge\u00f6ffnet bis Ostermontag 13.04.2020Revision von Dienstag 14.04.2020 bis Donnerstag 30.04.2020Ge\u00f6ffnet von Freitag 01. Mai 2020 bis Sonntag 03. Mai 2020Revision von Montag 04. Mai 2020 bis Freitag 08. Mai [&hellip;]<\/p>\n","protected":false},"author":6,"featured_media":0,"comment_status":"closed","ping_status":"closed","sticky":false,"template":"","format":"standard","meta":{"footnotes":""},"categories":[1],"tags":[],"class_list":["post-481","post","type-post","status-publish","format-standard","hentry","category-uncategorized"],"_links":{"self":[{"href":"https:\/\/dci.kilu.de\/wordpress\/index.php?rest_route=\/wp\/v2\/posts\/481","targetHints":{"allow":["GET"]}}],"collection":[{"href":"https:\/\/dci.kilu.de\/wordpress\/index.php?rest_route=\/wp\/v2\/posts"}],"about":[{"href":"https:\/\/dci.kilu.de\/wordpress\/index.php?rest_route=\/wp\/v2\/types\/post"}],"author":[{"embeddable":true,"href":"https:\/\/dci.kilu.de\/wordpress\/index.php?rest_route=\/wp\/v2\/users\/6"}],"replies":[{"embeddable":true,"href":"https:\/\/dci.kilu.de\/wordpress\/index.php?rest_route=%2Fwp%2Fv2%2Fcomments&post=481"}],"version-history":[{"count":1,"href":"https:\/\/dci.kilu.de\/wordpress\/index.php?rest_route=\/wp\/v2\/posts\/481\/revisions"}],"predecessor-version":[{"id":483,"href":"https:\/\/dci.kilu.de\/wordpress\/index.php?rest_route=\/wp\/v2\/posts\/481\/revisions\/483"}],"wp:attachment":[{"href":"https:\/\/dci.kilu.de\/wordpress\/index.php?rest_route=%2Fwp%2Fv2%2Fmedia&parent=481"}],"wp:term":[{"taxonomy":"category","embeddable":true,"href":"https:\/\/dci.kilu.de\/wordpress\/index.php?rest_route=%2Fwp%2Fv2%2Fcategories&post=481"},{"taxonomy":"post_tag","embeddable":true,"href":"https:\/\/dci.kilu.de\/wordpress\/index.php?rest_route=%2Fwp%2Fv2%2Ftags&post=481"}],"curies":[{"name":"wp","href":"https:\/\/api.w.org\/{rel}","templated":true}]}}